{"id":1556,"date":"2026-04-27T11:12:44","date_gmt":"2026-04-27T09:12:44","guid":{"rendered":"https:\/\/ppschiltigheim.net\/?p=1556"},"modified":"2026-04-27T11:16:34","modified_gmt":"2026-04-27T09:16:34","slug":"animations-theodore-monod","status":"publish","type":"post","link":"https:\/\/ppschiltigheim.net\/index.php\/2026\/04\/27\/animations-theodore-monod\/","title":{"rendered":"Animations Th\u00e9odore Monod"},"content":{"rendered":"\n<div class=\"wp-block-media-text is-stacked-on-mobile\"><figure class=\"wp-block-media-text__media\"><img loading=\"lazy\" decoding=\"async\" width=\"683\" height=\"1024\" src=\"https:\/\/ppschiltigheim.net\/wp-content\/uploads\/2026\/04\/Marelle-Monod-affiche-1-1-683x1024.jpg\" alt=\"\" class=\"wp-image-1557 size-full\" srcset=\"https:\/\/ppschiltigheim.net\/wp-content\/uploads\/2026\/04\/Marelle-Monod-affiche-1-1-683x1024.jpg 683w, https:\/\/ppschiltigheim.net\/wp-content\/uploads\/2026\/04\/Marelle-Monod-affiche-1-1-200x300.jpg 200w, https:\/\/ppschiltigheim.net\/wp-content\/uploads\/2026\/04\/Marelle-Monod-affiche-1-1-768x1152.jpg 768w, https:\/\/ppschiltigheim.net\/wp-content\/uploads\/2026\/04\/Marelle-Monod-affiche-1-1.jpg 1024w\" sizes=\"auto, (max-width: 683px) 100vw, 683px\" \/><\/figure><div class=\"wp-block-media-text__content\">\n<p>Un spectacle de l<strong>a Compagnie de la Marelle<\/strong><\/p>\n\n\n\n<p>\u00ab\u00a0<em>Ses d\u00e9couvertes et ses recherches ont fait de sa vie un t\u00e9moignage pour les g\u00e9n\u00e9rations futures.<br>Il plaiidait pour la conscience de la totalit\u00e9 du monde et du cosmos et le respect du vivant dans son ensemble.<\/em>\u00ab\u00a0<\/p>\n\n\n\n<p>Venez d\u00e9couvrir ce spectacle o\u00f9 Th\u00e9odore Monod nous embarque \u00e0 la rencontre du vivant !<\/p>\n\n\n\n<p><br><strong>Mardi 5 mai \u00e0 la Trinit\u00e9 \u00e0 20h<\/strong><br>Entr\u00e9e libre. Sans r\u00e9servation.<br>Libre participation.<\/p>\n<\/div><\/div>\n\n\n\n<div class=\"wp-block-media-text is-stacked-on-mobile\"><figure class=\"wp-block-media-text__media\"><img loading=\"lazy\" decoding=\"async\" width=\"274\" height=\"160\" src=\"https:\/\/ppschiltigheim.net\/wp-content\/uploads\/2026\/04\/Capture-decran-2026-04-27-111423.png\" alt=\"\" class=\"wp-image-1560 size-full\"\/><\/figure><div class=\"wp-block-media-text__content\">\n<p class=\"has-text-align-center\">Projection du documentaire <br><strong>\u00ab\u00a0Le vieil homme et le d\u00e9sert\u00a0\u00bb <\/strong><br>mardi 26 mai \u00e0 20h <br>Foyer des Tonneliers <br>Entr\u00e9e libre<\/p>\n<\/div><\/div>\n","protected":false},"excerpt":{"rendered":"<p>Un spectacle de la Compagnie de la Marelle \u00ab\u00a0Ses d\u00e9couvertes et ses recherches ont fait de sa vie un t\u00e9moignage pour les g\u00e9n\u00e9rations futures.Il plaiidait pour la conscience de la totalit\u00e9 du monde et du cosmos et le respect du &hellip; <a href=\"https:\/\/ppschiltigheim.net\/index.php\/2026\/04\/27\/animations-theodore-monod\/\">Continuer la lecture <span class=\"meta-nav\">&rarr;<\/span><\/a><\/p>\n","protected":false},"author":1,"featured_media":0,"comment_status":"closed","ping_status":"","sticky":false,"template":"","format":"standard","meta":{"footnotes":""},"categories":[1],"tags":[],"class_list":["post-1556","post","type-post","status-publish","format-standard","hentry","category-non-classe"],"_links":{"self":[{"href":"https:\/\/ppschiltigheim.net\/index.php\/wp-json\/wp\/v2\/posts\/1556","targetHints":{"allow":["GET"]}}],"collection":[{"href":"https:\/\/ppschiltigheim.net\/index.php\/wp-json\/wp\/v2\/posts"}],"about":[{"href":"https:\/\/ppschiltigheim.net\/index.php\/wp-json\/wp\/v2\/types\/post"}],"author":[{"embeddable":true,"href":"https:\/\/ppschiltigheim.net\/index.php\/wp-json\/wp\/v2\/users\/1"}],"replies":[{"embeddable":true,"href":"https:\/\/ppschiltigheim.net\/index.php\/wp-json\/wp\/v2\/comments?post=1556"}],"version-history":[{"count":3,"href":"https:\/\/ppschiltigheim.net\/index.php\/wp-json\/wp\/v2\/posts\/1556\/revisions"}],"predecessor-version":[{"id":1561,"href":"https:\/\/ppschiltigheim.net\/index.php\/wp-json\/wp\/v2\/posts\/1556\/revisions\/1561"}],"wp:attachment":[{"href":"https:\/\/ppschiltigheim.net\/index.php\/wp-json\/wp\/v2\/media?parent=1556"}],"wp:term":[{"taxonomy":"category","embeddable":true,"href":"https:\/\/ppschiltigheim.net\/index.php\/wp-json\/wp\/v2\/categories?post=1556"},{"taxonomy":"post_tag","embeddable":true,"href":"https:\/\/ppschiltigheim.net\/index.php\/wp-json\/wp\/v2\/tags?post=1556"}],"curies":[{"name":"wp","href":"https:\/\/api.w.org\/{rel}","templated":true}]}}