{"id":1562,"date":"2026-04-27T11:28:40","date_gmt":"2026-04-27T09:28:40","guid":{"rendered":"https:\/\/ppschiltigheim.net\/?p=1562"},"modified":"2026-04-27T11:32:36","modified_gmt":"2026-04-27T09:32:36","slug":"sortie-consitoriale-de-lascension","status":"publish","type":"post","link":"https:\/\/ppschiltigheim.net\/index.php\/2026\/04\/27\/sortie-consitoriale-de-lascension\/","title":{"rendered":"Sortie consitoriale de l&rsquo;Ascension"},"content":{"rendered":"\n<div class=\"wp-block-media-text is-stacked-on-mobile\"><figure class=\"wp-block-media-text__media\"><img loading=\"lazy\" decoding=\"async\" width=\"768\" height=\"1024\" src=\"https:\/\/ppschiltigheim.net\/wp-content\/uploads\/2026\/04\/Chemin-des-cimes-1-768x1024.jpg\" alt=\"\" class=\"wp-image-1568 size-full\" srcset=\"https:\/\/ppschiltigheim.net\/wp-content\/uploads\/2026\/04\/Chemin-des-cimes-1-768x1024.jpg 768w, https:\/\/ppschiltigheim.net\/wp-content\/uploads\/2026\/04\/Chemin-des-cimes-1-225x300.jpg 225w, https:\/\/ppschiltigheim.net\/wp-content\/uploads\/2026\/04\/Chemin-des-cimes-1-1152x1536.jpg 1152w, https:\/\/ppschiltigheim.net\/wp-content\/uploads\/2026\/04\/Chemin-des-cimes-1.jpg 1536w\" sizes=\"auto, (max-width: 768px) 100vw, 768px\" \/><\/figure><div class=\"wp-block-media-text__content\">\n<p class=\"has-small-font-size\"><strong>Jeudi 14 mai au d\u00e9part du CEP <\/strong><br><strong>(24 rue Principale \u00e0 Schiltigheim) \u00e0 8h30<\/strong><br>Covoiturage jusqu&rsquo;\u00e0 Seebach o\u00f9 nous assisterons au culte \u00e0 l&rsquo;\u00e9gilise protestante, rue des \u00e9glises.<br>D\u00e9part \u00e0 11h15 de Seebach pour nous rendre \u00e0 Drachenbronn, au grand parking gratuit du Chemin des Cimes alsace. Le tour du Chemin des Cimes est accessibles par navette gratuite (15min) ou par sentier de rendonn\u00e9e (1h15 environ) Repas tir\u00e9 du sac au pied de la Tour d&rsquo;observation sur l&rsquo;aire de pique-nique dot\u00e9e de buvette et toilettes.<br>Cheminement en douceur vers le sommet qui culmine \u00e0 29 m\u00e8tres.<br>L&rsquo;acc\u00e8s est au prix de 15 euros \u00e0 charge de chacun.<\/p>\n<\/div><\/div>\n\n\n\n<p class=\"has-white-color has-blue-background-color has-text-color has-background has-link-color wp-elements-6d7945c4ad076a138761e730debaaf19\">Les inscriptions peuvent se faire par mail \u00e0 la paroisse protestante de Schiltigheim : principale.schilick@free.fr ou par t\u00e9l\u00e9phone au 03.88.62.34.18<\/p>\n\n\n\n<p><\/p>\n","protected":false},"excerpt":{"rendered":"<p>Jeudi 14 mai au d\u00e9part du CEP (24 rue Principale \u00e0 Schiltigheim) \u00e0 8h30Covoiturage jusqu&rsquo;\u00e0 Seebach o\u00f9 nous assisterons au culte \u00e0 l&rsquo;\u00e9gilise protestante, rue des \u00e9glises.D\u00e9part \u00e0 11h15 de Seebach pour nous rendre \u00e0 Drachenbronn, au grand parking gratuit &hellip; <a href=\"https:\/\/ppschiltigheim.net\/index.php\/2026\/04\/27\/sortie-consitoriale-de-lascension\/\">Continuer la lecture <span class=\"meta-nav\">&rarr;<\/span><\/a><\/p>\n","protected":false},"author":1,"featured_media":0,"comment_status":"closed","ping_status":"","sticky":false,"template":"","format":"standard","meta":{"footnotes":""},"categories":[1],"tags":[],"class_list":["post-1562","post","type-post","status-publish","format-standard","hentry","category-non-classe"],"_links":{"self":[{"href":"https:\/\/ppschiltigheim.net\/index.php\/wp-json\/wp\/v2\/posts\/1562","targetHints":{"allow":["GET"]}}],"collection":[{"href":"https:\/\/ppschiltigheim.net\/index.php\/wp-json\/wp\/v2\/posts"}],"about":[{"href":"https:\/\/ppschiltigheim.net\/index.php\/wp-json\/wp\/v2\/types\/post"}],"author":[{"embeddable":true,"href":"https:\/\/ppschiltigheim.net\/index.php\/wp-json\/wp\/v2\/users\/1"}],"replies":[{"embeddable":true,"href":"https:\/\/ppschiltigheim.net\/index.php\/wp-json\/wp\/v2\/comments?post=1562"}],"version-history":[{"count":5,"href":"https:\/\/ppschiltigheim.net\/index.php\/wp-json\/wp\/v2\/posts\/1562\/revisions"}],"predecessor-version":[{"id":1570,"href":"https:\/\/ppschiltigheim.net\/index.php\/wp-json\/wp\/v2\/posts\/1562\/revisions\/1570"}],"wp:attachment":[{"href":"https:\/\/ppschiltigheim.net\/index.php\/wp-json\/wp\/v2\/media?parent=1562"}],"wp:term":[{"taxonomy":"category","embeddable":true,"href":"https:\/\/ppschiltigheim.net\/index.php\/wp-json\/wp\/v2\/categories?post=1562"},{"taxonomy":"post_tag","embeddable":true,"href":"https:\/\/ppschiltigheim.net\/index.php\/wp-json\/wp\/v2\/tags?post=1562"}],"curies":[{"name":"wp","href":"https:\/\/api.w.org\/{rel}","templated":true}]}}