{"id":1577,"date":"2026-04-27T12:59:35","date_gmt":"2026-04-27T10:59:35","guid":{"rendered":"https:\/\/ppschiltigheim.net\/?p=1577"},"modified":"2026-04-27T12:59:35","modified_gmt":"2026-04-27T10:59:35","slug":"cafe-solidaire","status":"publish","type":"post","link":"https:\/\/ppschiltigheim.net\/index.php\/2026\/04\/27\/cafe-solidaire\/","title":{"rendered":"Caf\u00e9 solidaire"},"content":{"rendered":"\n<div class=\"wp-block-media-text is-stacked-on-mobile\"><figure class=\"wp-block-media-text__media\"><img loading=\"lazy\" decoding=\"async\" width=\"683\" height=\"1024\" src=\"https:\/\/ppschiltigheim.net\/wp-content\/uploads\/2026\/04\/Affiche-cafe-solidaire-683x1024.png\" alt=\"\" class=\"wp-image-1578 size-full\" srcset=\"https:\/\/ppschiltigheim.net\/wp-content\/uploads\/2026\/04\/Affiche-cafe-solidaire-683x1024.png 683w, https:\/\/ppschiltigheim.net\/wp-content\/uploads\/2026\/04\/Affiche-cafe-solidaire-200x300.png 200w, https:\/\/ppschiltigheim.net\/wp-content\/uploads\/2026\/04\/Affiche-cafe-solidaire-768x1152.png 768w, https:\/\/ppschiltigheim.net\/wp-content\/uploads\/2026\/04\/Affiche-cafe-solidaire.png 1024w\" sizes=\"auto, (max-width: 683px) 100vw, 683px\" \/><\/figure><div class=\"wp-block-media-text__content\">\n<p class=\"has-small-font-size\"><strong>En partenariat avec l\u2019Association du<br>CEP, les b\u00e9n\u00e9voles du Groupe David  lancent un Caf\u00e9 Solidaire Consistorial <\/strong><\/p>\n\n\n\n<p class=\"has-text-align-left has-small-font-size\">Un rendez vous convivial, ouvert \u00e0 toutes et \u00e0 tous <strong>chaque dernier samedi du mois<\/strong>, pour se retrouver autour d\u2019une boisson et d\u2019une p\u00e2tisserie. Un moment simple pour faire connaissance, \u00e9changer, \u00e9couter,<br>partager ses passions\u2026 ou tout<br>simplement \u00eatre ensemble.<br>Ici, aucune barri\u00e8re : quel que soit<br>votre \u00e2ge, vos convictions, votre<br>parcours, vous \u00eates les bienvenus.<br>L\u2019entr\u00e9e est libre et gratuite, sans<br>condition de moyens.<br><\/p>\n<\/div><\/div>\n\n\n\n<p class=\"has-text-align-center has-white-color has-blue-background-color has-text-color has-background has-link-color wp-elements-dcf640447e096511bc9e650bc1cc2cfd\"><strong>Premi\u00e8re rencontre samedi 30 mai, de 14 h \u00e0 18 h<br>Salle du CEP \u2013 24 rue Principale,Schiltigheim<\/strong><\/p>\n\n\n\n<p><\/p>\n","protected":false},"excerpt":{"rendered":"<p>En partenariat avec l\u2019Association duCEP, les b\u00e9n\u00e9voles du Groupe David lancent un Caf\u00e9 Solidaire Consistorial Un rendez vous convivial, ouvert \u00e0 toutes et \u00e0 tous chaque dernier samedi du mois, pour se retrouver autour d\u2019une boisson et d\u2019une p\u00e2tisserie. Un &hellip; <a href=\"https:\/\/ppschiltigheim.net\/index.php\/2026\/04\/27\/cafe-solidaire\/\">Continuer la lecture <span class=\"meta-nav\">&rarr;<\/span><\/a><\/p>\n","protected":false},"author":1,"featured_media":0,"comment_status":"closed","ping_status":"","sticky":false,"template":"","format":"standard","meta":{"footnotes":""},"categories":[1],"tags":[],"class_list":["post-1577","post","type-post","status-publish","format-standard","hentry","category-non-classe"],"_links":{"self":[{"href":"https:\/\/ppschiltigheim.net\/index.php\/wp-json\/wp\/v2\/posts\/1577","targetHints":{"allow":["GET"]}}],"collection":[{"href":"https:\/\/ppschiltigheim.net\/index.php\/wp-json\/wp\/v2\/posts"}],"about":[{"href":"https:\/\/ppschiltigheim.net\/index.php\/wp-json\/wp\/v2\/types\/post"}],"author":[{"embeddable":true,"href":"https:\/\/ppschiltigheim.net\/index.php\/wp-json\/wp\/v2\/users\/1"}],"replies":[{"embeddable":true,"href":"https:\/\/ppschiltigheim.net\/index.php\/wp-json\/wp\/v2\/comments?post=1577"}],"version-history":[{"count":1,"href":"https:\/\/ppschiltigheim.net\/index.php\/wp-json\/wp\/v2\/posts\/1577\/revisions"}],"predecessor-version":[{"id":1579,"href":"https:\/\/ppschiltigheim.net\/index.php\/wp-json\/wp\/v2\/posts\/1577\/revisions\/1579"}],"wp:attachment":[{"href":"https:\/\/ppschiltigheim.net\/index.php\/wp-json\/wp\/v2\/media?parent=1577"}],"wp:term":[{"taxonomy":"category","embeddable":true,"href":"https:\/\/ppschiltigheim.net\/index.php\/wp-json\/wp\/v2\/categories?post=1577"},{"taxonomy":"post_tag","embeddable":true,"href":"https:\/\/ppschiltigheim.net\/index.php\/wp-json\/wp\/v2\/tags?post=1577"}],"curies":[{"name":"wp","href":"https:\/\/api.w.org\/{rel}","templated":true}]}}