{"id":1664,"date":"2026-09-01T06:46:56","date_gmt":"2026-09-01T04:46:56","guid":{"rendered":"https:\/\/ppschiltigheim.net\/?p=1664"},"modified":"2026-09-01T06:49:15","modified_gmt":"2026-09-01T04:49:15","slug":"journees-du-patrimoine","status":"publish","type":"post","link":"https:\/\/ppschiltigheim.net\/index.php\/2026\/09\/01\/journees-du-patrimoine\/","title":{"rendered":"Journ\u00e9es du patrimoine"},"content":{"rendered":"\n<div class=\"wp-block-media-text is-stacked-on-mobile\" style=\"grid-template-columns:43% auto\"><figure class=\"wp-block-media-text__media\"><img loading=\"lazy\" decoding=\"async\" width=\"683\" height=\"1024\" src=\"https:\/\/ppschiltigheim.net\/wp-content\/uploads\/2026\/09\/affiche-Patrimoine-3-683x1024.jpg\" alt=\"\" class=\"wp-image-1665 size-full\" srcset=\"https:\/\/ppschiltigheim.net\/wp-content\/uploads\/2026\/09\/affiche-Patrimoine-3-683x1024.jpg 683w, https:\/\/ppschiltigheim.net\/wp-content\/uploads\/2026\/09\/affiche-Patrimoine-3-200x300-1.jpg 200w, https:\/\/ppschiltigheim.net\/wp-content\/uploads\/2026\/09\/affiche-Patrimoine-3-768x1152.jpg 768w, https:\/\/ppschiltigheim.net\/wp-content\/uploads\/2026\/09\/affiche-Patrimoine-3.jpg 1024w\" sizes=\"auto, (max-width: 683px) 100vw, 683px\" \/><\/figure><div class=\"wp-block-media-text__content\">\n<p class=\"wp-block-paragraph\">Cette ann\u00e9e nous consacrons les journ\u00e9es du patrimoine \u00e0 la musique, <strong>\u00e0 l&rsquo;\u00e9glise rue principale <\/strong>les 19 et 20 septembre : <br><br><strong>Exposition sur les diff\u00e9rents moyens d&rsquo;imprimer et transmettre la musique au fil des \u00e2ges<\/strong> (<em>samedi 19 de 10h \u00e0 12h <br>dimanche 20 de 14h \u00e0 18h<\/em>)<strong>Conf\u00e9rence<\/strong> en lien avec l&rsquo;exposition, par le <strong>Professeur Beat F\u00f6llmi,<\/strong> dimanche 20 \u00e0 15h<br><strong>Concert d&rsquo;orgue <\/strong>, <em>\u00e9volution de la musique \u00e0 travers les \u00e2ges<\/em>, dimanche 20 \u00e0 17h30 par Lo\u00efc Fr\u00e9caut Deuscht et Adrien Muller. <strong>Entr\u00e9e libre !<\/strong><\/p>\n<\/div><\/div>\n","protected":false},"excerpt":{"rendered":"<p>Cette ann\u00e9e nous consacrons les journ\u00e9es du patrimoine \u00e0 la musique, \u00e0 l&rsquo;\u00e9glise rue principale les 19 et 20 septembre : Exposition sur les diff\u00e9rents moyens d&rsquo;imprimer et transmettre la musique au fil des \u00e2ges (samedi 19 de 10h \u00e0 &hellip; <a href=\"https:\/\/ppschiltigheim.net\/index.php\/2026\/09\/01\/journees-du-patrimoine\/\">Continuer la lecture <span class=\"meta-nav\">&rarr;<\/span><\/a><\/p>\n","protected":false},"author":1,"featured_media":0,"comment_status":"closed","ping_status":"","sticky":false,"template":"","format":"standard","meta":{"footnotes":""},"categories":[1],"tags":[],"class_list":["post-1664","post","type-post","status-publish","format-standard","hentry","category-non-classe"],"_links":{"self":[{"href":"https:\/\/ppschiltigheim.net\/index.php\/wp-json\/wp\/v2\/posts\/1664","targetHints":{"allow":["GET"]}}],"collection":[{"href":"https:\/\/ppschiltigheim.net\/index.php\/wp-json\/wp\/v2\/posts"}],"about":[{"href":"https:\/\/ppschiltigheim.net\/index.php\/wp-json\/wp\/v2\/types\/post"}],"author":[{"embeddable":true,"href":"https:\/\/ppschiltigheim.net\/index.php\/wp-json\/wp\/v2\/users\/1"}],"replies":[{"embeddable":true,"href":"https:\/\/ppschiltigheim.net\/index.php\/wp-json\/wp\/v2\/comments?post=1664"}],"version-history":[{"count":4,"href":"https:\/\/ppschiltigheim.net\/index.php\/wp-json\/wp\/v2\/posts\/1664\/revisions"}],"predecessor-version":[{"id":1669,"href":"https:\/\/ppschiltigheim.net\/index.php\/wp-json\/wp\/v2\/posts\/1664\/revisions\/1669"}],"wp:attachment":[{"href":"https:\/\/ppschiltigheim.net\/index.php\/wp-json\/wp\/v2\/media?parent=1664"}],"wp:term":[{"taxonomy":"category","embeddable":true,"href":"https:\/\/ppschiltigheim.net\/index.php\/wp-json\/wp\/v2\/categories?post=1664"},{"taxonomy":"post_tag","embeddable":true,"href":"https:\/\/ppschiltigheim.net\/index.php\/wp-json\/wp\/v2\/tags?post=1664"}],"curies":[{"name":"wp","href":"https:\/\/api.w.org\/{rel}","templated":true}]}}