{"id":1682,"date":"2026-09-01T19:31:11","date_gmt":"2026-09-01T17:31:11","guid":{"rendered":"https:\/\/ppschiltigheim.net\/?p=1682"},"modified":"2026-09-01T19:31:11","modified_gmt":"2026-09-01T17:31:11","slug":"nouveau-grains-de-sel","status":"publish","type":"post","link":"https:\/\/ppschiltigheim.net\/index.php\/2026\/09\/01\/nouveau-grains-de-sel\/","title":{"rendered":"Nouveau Grains de Sel"},"content":{"rendered":"\n<div class=\"wp-block-media-text is-stacked-on-mobile\" style=\"grid-template-columns:29% auto\"><figure class=\"wp-block-media-text__media\"><img loading=\"lazy\" decoding=\"async\" width=\"755\" height=\"1024\" src=\"https:\/\/ppschiltigheim.net\/wp-content\/uploads\/2024\/09\/PAGE-DE-GARDE-755x1024.jpg\" alt=\"\" class=\"wp-image-1657 size-full\" srcset=\"https:\/\/ppschiltigheim.net\/wp-content\/uploads\/2024\/09\/PAGE-DE-GARDE-755x1024.jpg 755w, https:\/\/ppschiltigheim.net\/wp-content\/uploads\/2024\/09\/PAGE-DE-GARDE-221x300-1.jpg 221w, https:\/\/ppschiltigheim.net\/wp-content\/uploads\/2024\/09\/PAGE-DE-GARDE-768x1041.jpg 768w, https:\/\/ppschiltigheim.net\/wp-content\/uploads\/2024\/09\/PAGE-DE-GARDE-1133x1536.jpg 1133w, https:\/\/ppschiltigheim.net\/wp-content\/uploads\/2024\/09\/PAGE-DE-GARDE-1510x2048.jpg 1510w, https:\/\/ppschiltigheim.net\/wp-content\/uploads\/2024\/09\/PAGE-DE-GARDE-scaled.jpg 1888w\" sizes=\"auto, (max-width: 755px) 100vw, 755px\" \/><\/figure><div class=\"wp-block-media-text__content\">\n<p class=\"has-small-font-size wp-block-paragraph\">Retrouvez toute l&rsquo;actualit\u00e9 de notre paroisse et de notre consistoire de Bischheim dans les pages locales <br>du Nouveau Messager<\/p>\n\n\n\n<p class=\"wp-block-paragraph\"><a href=\"https:\/\/ppschiltigheim.net\/wp-content\/uploads\/2026\/09\/LNM-93-pages-Consistoire-de-Bischheim.pdf\" target=\"_blank\" rel=\"noopener\">Num\u00e9ro 93 &#8211; Septembre &#8211; octobre 2026<\/a><\/p>\n\n\n\n<p class=\"has-small-font-size wp-block-paragraph\"><em>Inscription \u00e0 notre <a href=\"https:\/\/canva.link\/e6ergs541ype83n\" target=\"_blank\" rel=\"noreferrer noopener\">newlsetter<\/a> mensuelle sur demande aupr\u00e8s du secr\u00e9tariat de la paroisse.<\/em><\/p>\n<\/div><\/div>\n","protected":false},"excerpt":{"rendered":"<p>Retrouvez toute l&rsquo;actualit\u00e9 de notre paroisse et de notre consistoire de Bischheim dans les pages locales du Nouveau Messager Num\u00e9ro 93 &#8211; Septembre &#8211; octobre 2026 Inscription \u00e0 notre newlsetter mensuelle sur demande aupr\u00e8s du secr\u00e9tariat de la paroisse.<\/p>\n","protected":false},"author":1,"featured_media":0,"comment_status":"closed","ping_status":"","sticky":false,"template":"","format":"standard","meta":{"footnotes":""},"categories":[1],"tags":[],"class_list":["post-1682","post","type-post","status-publish","format-standard","hentry","category-non-classe"],"_links":{"self":[{"href":"https:\/\/ppschiltigheim.net\/index.php\/wp-json\/wp\/v2\/posts\/1682","targetHints":{"allow":["GET"]}}],"collection":[{"href":"https:\/\/ppschiltigheim.net\/index.php\/wp-json\/wp\/v2\/posts"}],"about":[{"href":"https:\/\/ppschiltigheim.net\/index.php\/wp-json\/wp\/v2\/types\/post"}],"author":[{"embeddable":true,"href":"https:\/\/ppschiltigheim.net\/index.php\/wp-json\/wp\/v2\/users\/1"}],"replies":[{"embeddable":true,"href":"https:\/\/ppschiltigheim.net\/index.php\/wp-json\/wp\/v2\/comments?post=1682"}],"version-history":[{"count":1,"href":"https:\/\/ppschiltigheim.net\/index.php\/wp-json\/wp\/v2\/posts\/1682\/revisions"}],"predecessor-version":[{"id":1683,"href":"https:\/\/ppschiltigheim.net\/index.php\/wp-json\/wp\/v2\/posts\/1682\/revisions\/1683"}],"wp:attachment":[{"href":"https:\/\/ppschiltigheim.net\/index.php\/wp-json\/wp\/v2\/media?parent=1682"}],"wp:term":[{"taxonomy":"category","embeddable":true,"href":"https:\/\/ppschiltigheim.net\/index.php\/wp-json\/wp\/v2\/categories?post=1682"},{"taxonomy":"post_tag","embeddable":true,"href":"https:\/\/ppschiltigheim.net\/index.php\/wp-json\/wp\/v2\/tags?post=1682"}],"curies":[{"name":"wp","href":"https:\/\/api.w.org\/{rel}","templated":true}]}}