{"id":876,"date":"2024-09-02T11:53:58","date_gmt":"2024-09-02T09:53:58","guid":{"rendered":"https:\/\/ppschiltigheim.net\/?p=876"},"modified":"2026-04-28T23:56:37","modified_gmt":"2026-04-28T21:56:37","slug":"grains-de-sel","status":"publish","type":"post","link":"https:\/\/ppschiltigheim.net\/index.php\/2024\/09\/02\/grains-de-sel\/","title":{"rendered":"Grains de sel"},"content":{"rendered":"\n<div class=\"wp-block-media-text is-stacked-on-mobile\" style=\"grid-template-columns:29% auto\"><figure class=\"wp-block-media-text__media\"><img loading=\"lazy\" decoding=\"async\" width=\"756\" height=\"1024\" src=\"https:\/\/ppschiltigheim.net\/wp-content\/uploads\/2026\/04\/PAGE-1-mai-2026-756x1024.jpg\" alt=\"\" class=\"wp-image-1581 size-full\" srcset=\"https:\/\/ppschiltigheim.net\/wp-content\/uploads\/2026\/04\/PAGE-1-mai-2026-756x1024.jpg 756w, https:\/\/ppschiltigheim.net\/wp-content\/uploads\/2026\/04\/PAGE-1-mai-2026-221x300.jpg 221w, https:\/\/ppschiltigheim.net\/wp-content\/uploads\/2026\/04\/PAGE-1-mai-2026-768x1041.jpg 768w, https:\/\/ppschiltigheim.net\/wp-content\/uploads\/2026\/04\/PAGE-1-mai-2026-1133x1536.jpg 1133w, https:\/\/ppschiltigheim.net\/wp-content\/uploads\/2026\/04\/PAGE-1-mai-2026.jpg 1224w\" sizes=\"auto, (max-width: 756px) 100vw, 756px\" \/><\/figure><div class=\"wp-block-media-text__content\">\n<p class=\"has-small-font-size\">Retrouvez toute l&rsquo;actualit\u00e9 de notre paroisse et de notre consistoire de Bischheim dans les pages locales <br>du Nouveau Messager<\/p>\n\n\n\n<p><a href=\"https:\/\/ppschiltigheim.net\/wp-content\/uploads\/2026\/04\/Le-Nouveau-Messager-Mai-Juin-2026.pdf\" target=\"_blank\" rel=\"noreferrer noopener\">Num\u00e9ro 91 &#8211; Mai et juin 2026<\/a><\/p>\n\n\n\n<p class=\"has-small-font-size\"><em>Inscription \u00e0 notre <a href=\"https:\/\/canva.link\/e6ergs541ype83n\" target=\"_blank\" rel=\"noreferrer noopener\">newlsetter<\/a> mensuelle sur demande aupr\u00e8s du secr\u00e9tariat de la paroisse.<\/em><\/p>\n<\/div><\/div>\n","protected":false},"excerpt":{"rendered":"<p>Retrouvez toute l&rsquo;actualit\u00e9 de notre paroisse et de notre consistoire de Bischheim dans les pages locales du Nouveau Messager Num\u00e9ro 91 &#8211; Mai et juin 2026 Inscription \u00e0 notre newlsetter mensuelle sur demande aupr\u00e8s du secr\u00e9tariat de la paroisse.<\/p>\n","protected":false},"author":3,"featured_media":0,"comment_status":"closed","ping_status":"","sticky":false,"template":"","format":"standard","meta":{"footnotes":""},"categories":[1],"tags":[],"class_list":["post-876","post","type-post","status-publish","format-standard","hentry","category-non-classe"],"_links":{"self":[{"href":"https:\/\/ppschiltigheim.net\/index.php\/wp-json\/wp\/v2\/posts\/876","targetHints":{"allow":["GET"]}}],"collection":[{"href":"https:\/\/ppschiltigheim.net\/index.php\/wp-json\/wp\/v2\/posts"}],"about":[{"href":"https:\/\/ppschiltigheim.net\/index.php\/wp-json\/wp\/v2\/types\/post"}],"author":[{"embeddable":true,"href":"https:\/\/ppschiltigheim.net\/index.php\/wp-json\/wp\/v2\/users\/3"}],"replies":[{"embeddable":true,"href":"https:\/\/ppschiltigheim.net\/index.php\/wp-json\/wp\/v2\/comments?post=876"}],"version-history":[{"count":26,"href":"https:\/\/ppschiltigheim.net\/index.php\/wp-json\/wp\/v2\/posts\/876\/revisions"}],"predecessor-version":[{"id":1592,"href":"https:\/\/ppschiltigheim.net\/index.php\/wp-json\/wp\/v2\/posts\/876\/revisions\/1592"}],"wp:attachment":[{"href":"https:\/\/ppschiltigheim.net\/index.php\/wp-json\/wp\/v2\/media?parent=876"}],"wp:term":[{"taxonomy":"category","embeddable":true,"href":"https:\/\/ppschiltigheim.net\/index.php\/wp-json\/wp\/v2\/categories?post=876"},{"taxonomy":"post_tag","embeddable":true,"href":"https:\/\/ppschiltigheim.net\/index.php\/wp-json\/wp\/v2\/tags?post=876"}],"curies":[{"name":"wp","href":"https:\/\/api.w.org\/{rel}","templated":true}]}}